{"id":637,"date":"2019-02-19T17:54:30","date_gmt":"2019-02-19T16:54:30","guid":{"rendered":"https:\/\/www.ineco.upv.es\/?p=637"},"modified":"2024-02-22T19:58:21","modified_gmt":"2024-02-22T18:58:21","slug":"articulo-predicting-healthcare-expenditure-by-multimorbidity-groups-publicado-en-la-edicion-de-febrero-de-2019-de-la-revista-health-policy-editorial-elsevier","status":"publish","type":"post","link":"https:\/\/www.ineco.upv.es\/2019\/02\/19\/articulo-predicting-healthcare-expenditure-by-multimorbidity-groups-publicado-en-la-edicion-de-febrero-de-2019-de-la-revista-health-policy-editorial-elsevier\/","title":{"rendered":"Art\u00edculo \u00abPredicting healthcare expenditure by multimorbidity groups\u00bb"},"content":{"rendered":"<p>[et_pb_section fb_built=\u00bb1&#8243; admin_label=\u00bbsection\u00bb _builder_version=\u00bb4.16&#8243; custom_padding=\u00bb0px|||||\u00bb global_colors_info=\u00bb{}\u00bb][et_pb_row admin_label=\u00bbrow\u00bb _builder_version=\u00bb4.16&#8243; background_size=\u00bbinitial\u00bb background_position=\u00bbtop_left\u00bb background_repeat=\u00bbrepeat\u00bb global_colors_info=\u00bb{}\u00bb][et_pb_column type=\u00bb4_4&#8243; _builder_version=\u00bb4.16&#8243; custom_padding=\u00bb|||\u00bb global_colors_info=\u00bb{}\u00bb custom_padding__hover=\u00bb|||\u00bb][et_pb_text admin_label=\u00bbText\u00bb _builder_version=\u00bb4.24.2&#8243; background_size=\u00bbinitial\u00bb background_position=\u00bbtop_left\u00bb background_repeat=\u00bbrepeat\u00bb hover_enabled=\u00bb0&#8243; global_colors_info=\u00bb{}\u00bb sticky_enabled=\u00bb0&#8243;]<img loading=\"lazy\" decoding=\"async\" src=\"https:\/\/www.ciegs.upv.es\/wp-content\/uploads\/2019\/02\/X01688510.jpg\" alt=\"\" class=\"wp-image-1271\" width=\"265\" height=\"356\" style=\"float: left; margin-right: 3%;\"\/>El art\u00edculo \u00ab<strong>Predicting healthcare expenditure by multimorbidity groups<\/strong>\u00bb escrito por <strong>Vicent Caballer Tarazona<\/strong>, <strong>Natividad Guadalajara<\/strong> y <strong>David Vivas<\/strong> ha sido publicado en la revista \u00ab<strong>Health Policy<\/strong>\u00bb de la Editorial Elsevier en su edici\u00f3n de febrero de 2019.<\/p>\n<p>En el siguiente enlace puede verse el art\u00edculo completo: <a href=\"https:\/\/www.sciencedirect.com\/science\/article\/pii\/S0168851019300259\">https:\/\/www.sciencedirect.com\/science\/article\/pii\/S0168851019300259<\/a>[\/et_pb_text][\/et_pb_column][\/et_pb_row][\/et_pb_section]<\/p>\n","protected":false},"excerpt":{"rendered":"<p>El art\u00edculo \u00abPredicting healthcare expenditure by multimorbidity groups\u00bb escrito por Vicent Caballer Tarazona, Natividad Guadalajara y David Vivas ha sido publicado en la revista \u00abHealth Policy\u00bb de la Editorial Elsevier en su edici\u00f3n de febrero de 2019. En el siguiente enlace puede verse el art\u00edculo completo: https:\/\/www.sciencedirect.com\/science\/article\/pii\/S0168851019300259<\/p>\n","protected":false},"author":1,"featured_media":0,"comment_status":"closed","ping_status":"closed","sticky":false,"template":"","format":"standard","meta":{"_et_pb_use_builder":"on","_et_pb_old_content":"<!-- wp:paragraph -->\n<p>El art\u00edculo \"<strong>Predicting healthcare expenditure by multimorbidity groups<\/strong>\" escrito por <strong>Vicent Caballer Tarazona<\/strong>, <strong>Natividad Guadalajara<\/strong> y <strong>David Vivas<\/strong> ha sido publicado en la revista \"<strong>Health Policy<\/strong>\" de la Editorial Elsevier  en su edici\u00f3n de febrero de 2019.<\/p>\n<!-- \/wp:paragraph -->\n\n<!-- wp:image {\"id\":1271,\"align\":\"center\",\"width\":265,\"height\":356} -->\n<div class=\"wp-block-image\"><figure class=\"aligncenter is-resized\"><img src=\"https:\/\/www.ciegs.upv.es\/wp-content\/uploads\/2019\/02\/X01688510.jpg\" alt=\"\" class=\"wp-image-1271\" width=\"265\" height=\"356\"\/><\/figure><\/div>\n<!-- \/wp:image -->\n\n<!-- wp:paragraph -->\n<p>En el siguiente enlace puede verse el art\u00edculo completo:<\/p>\n<!-- \/wp:paragraph -->\n\n<!-- wp:paragraph -->\n<p><a href=\"https:\/\/www.sciencedirect.com\/science\/article\/pii\/S0168851019300259\">https:\/\/www.sciencedirect.com\/science\/article\/pii\/S0168851019300259<\/a><\/p>\n<!-- \/wp:paragraph -->","_et_gb_content_width":"","footnotes":""},"categories":[13],"tags":[],"class_list":["post-637","post","type-post","status-publish","format-standard","hentry","category-publicaciones"],"aioseo_notices":[],"aioseo_head":"\n\t\t<!-- All in One SEO 5.0.1.1 - aioseo.com -->\n\t<meta name=\"description\" content=\"El art\u00edculo \u00abPredicting healthcare expenditure by multimorbidity groups\u00bb escrito por Vicent Caballer Tarazona, Natividad Guadalajara y David Vivas ha sido publicado en la revista \u00abHealth Policy\u00bb de la Editorial Elsevier en su edici\u00f3n de febrero de 2019. En el siguiente enlace puede verse el art\u00edculo completo: https:\/\/www.sciencedirect.com\/science\/article\/pii\/S0168851019300259\" \/>\n\t<meta name=\"robots\" content=\"max-image-preview:large\" \/>\n\t<meta name=\"author\" content=\"INECO\"\/>\n\t<link rel=\"canonical\" href=\"https:\/\/www.ineco.upv.es\/2019\/02\/19\/articulo-predicting-healthcare-expenditure-by-multimorbidity-groups-publicado-en-la-edicion-de-febrero-de-2019-de-la-revista-health-policy-editorial-elsevier\/\" \/>\n\t<meta name=\"generator\" content=\"All in One SEO (AIOSEO) 5.0.1.1\" \/>\n\t\t<meta property=\"og:locale\" content=\"es_ES\" \/>\n\t\t<meta property=\"og:site_name\" content=\"INECO | Centro de Ingenier\u00eda Econ\u00f3mica UPV\" \/>\n\t\t<meta property=\"og:type\" content=\"article\" \/>\n\t\t<meta property=\"og:title\" content=\"Art\u00edculo \u00abPredicting healthcare expenditure by multimorbidity groups\u00bb | INECO\" \/>\n\t\t<meta property=\"og:description\" content=\"El art\u00edculo \u00abPredicting healthcare expenditure by multimorbidity groups\u00bb escrito por Vicent Caballer Tarazona, Natividad Guadalajara y David Vivas ha sido publicado en la revista \u00abHealth Policy\u00bb de la Editorial Elsevier en su edici\u00f3n de febrero de 2019. En el siguiente enlace puede verse el art\u00edculo completo: https:\/\/www.sciencedirect.com\/science\/article\/pii\/S0168851019300259\" \/>\n\t\t<meta property=\"og:url\" content=\"https:\/\/www.ineco.upv.es\/2019\/02\/19\/articulo-predicting-healthcare-expenditure-by-multimorbidity-groups-publicado-en-la-edicion-de-febrero-de-2019-de-la-revista-health-policy-editorial-elsevier\/\" \/>\n\t\t<meta property=\"article:published_time\" content=\"2019-02-19T16:54:30+00:00\" \/>\n\t\t<meta property=\"article:modified_time\" content=\"2024-02-22T18:58:21+00:00\" \/>\n\t\t<meta name=\"twitter:card\" content=\"summary\" \/>\n\t\t<meta name=\"twitter:title\" content=\"Art\u00edculo \u00abPredicting healthcare expenditure by multimorbidity groups\u00bb | INECO\" \/>\n\t\t<meta name=\"twitter:description\" content=\"El art\u00edculo \u00abPredicting healthcare expenditure by multimorbidity groups\u00bb escrito por Vicent Caballer Tarazona, Natividad Guadalajara y David Vivas ha sido publicado en la revista \u00abHealth Policy\u00bb de la Editorial Elsevier en su edici\u00f3n de febrero de 2019. En el siguiente enlace puede verse el art\u00edculo completo: https:\/\/www.sciencedirect.com\/science\/article\/pii\/S0168851019300259\" \/>\n\t\t<script type=\"application\/ld+json\" class=\"aioseo-schema\">\n\t\t\t{\"@context\":\"https:\\\/\\\/schema.org\",\"@graph\":[{\"@type\":\"Article\",\"@id\":\"https:\\\/\\\/www.ineco.upv.es\\\/2019\\\/02\\\/19\\\/articulo-predicting-healthcare-expenditure-by-multimorbidity-groups-publicado-en-la-edicion-de-febrero-de-2019-de-la-revista-health-policy-editorial-elsevier\\\/#article\",\"name\":\"Art\\u00edculo \\u00abPredicting healthcare expenditure by multimorbidity groups\\u00bb | INECO\",\"headline\":\"Art\\u00edculo \\u00abPredicting healthcare expenditure by multimorbidity groups\\u00bb\",\"author\":{\"@id\":\"https:\\\/\\\/www.ineco.upv.es\\\/author\\\/ineco\\\/#author\"},\"publisher\":{\"@id\":\"https:\\\/\\\/www.ineco.upv.es\\\/#organization\"},\"image\":{\"@type\":\"ImageObject\",\"url\":\"https:\\\/\\\/www.ciegs.upv.es\\\/wp-content\\\/uploads\\\/2019\\\/02\\\/X01688510.jpg\",\"@id\":\"https:\\\/\\\/www.ineco.upv.es\\\/2019\\\/02\\\/19\\\/articulo-predicting-healthcare-expenditure-by-multimorbidity-groups-publicado-en-la-edicion-de-febrero-de-2019-de-la-revista-health-policy-editorial-elsevier\\\/#articleImage\"},\"datePublished\":\"2019-02-19T17:54:30+01:00\",\"dateModified\":\"2024-02-22T19:58:21+01:00\",\"inLanguage\":\"es-ES\",\"mainEntityOfPage\":{\"@id\":\"https:\\\/\\\/www.ineco.upv.es\\\/2019\\\/02\\\/19\\\/articulo-predicting-healthcare-expenditure-by-multimorbidity-groups-publicado-en-la-edicion-de-febrero-de-2019-de-la-revista-health-policy-editorial-elsevier\\\/#webpage\"},\"isPartOf\":{\"@id\":\"https:\\\/\\\/www.ineco.upv.es\\\/2019\\\/02\\\/19\\\/articulo-predicting-healthcare-expenditure-by-multimorbidity-groups-publicado-en-la-edicion-de-febrero-de-2019-de-la-revista-health-policy-editorial-elsevier\\\/#webpage\"},\"articleSection\":\"Publicaciones\"},{\"@type\":\"BreadcrumbList\",\"@id\":\"https:\\\/\\\/www.ineco.upv.es\\\/2019\\\/02\\\/19\\\/articulo-predicting-healthcare-expenditure-by-multimorbidity-groups-publicado-en-la-edicion-de-febrero-de-2019-de-la-revista-health-policy-editorial-elsevier\\\/#breadcrumblist\",\"itemListElement\":[{\"@type\":\"ListItem\",\"@id\":\"https:\\\/\\\/www.ineco.upv.es#listItem\",\"position\":1,\"name\":\"Home\",\"item\":\"https:\\\/\\\/www.ineco.upv.es\",\"nextItem\":{\"@type\":\"ListItem\",\"@id\":\"https:\\\/\\\/www.ineco.upv.es\\\/category\\\/publicaciones\\\/#listItem\",\"name\":\"Publicaciones\"}},{\"@type\":\"ListItem\",\"@id\":\"https:\\\/\\\/www.ineco.upv.es\\\/category\\\/publicaciones\\\/#listItem\",\"position\":2,\"name\":\"Publicaciones\",\"item\":\"https:\\\/\\\/www.ineco.upv.es\\\/category\\\/publicaciones\\\/\",\"nextItem\":{\"@type\":\"ListItem\",\"@id\":\"https:\\\/\\\/www.ineco.upv.es\\\/2019\\\/02\\\/19\\\/articulo-predicting-healthcare-expenditure-by-multimorbidity-groups-publicado-en-la-edicion-de-febrero-de-2019-de-la-revista-health-policy-editorial-elsevier\\\/#listItem\",\"name\":\"Art\\u00edculo \\u00abPredicting healthcare expenditure by multimorbidity groups\\u00bb\"},\"previousItem\":{\"@type\":\"ListItem\",\"@id\":\"https:\\\/\\\/www.ineco.upv.es#listItem\",\"name\":\"Home\"}},{\"@type\":\"ListItem\",\"@id\":\"https:\\\/\\\/www.ineco.upv.es\\\/2019\\\/02\\\/19\\\/articulo-predicting-healthcare-expenditure-by-multimorbidity-groups-publicado-en-la-edicion-de-febrero-de-2019-de-la-revista-health-policy-editorial-elsevier\\\/#listItem\",\"position\":3,\"name\":\"Art\\u00edculo \\u00abPredicting healthcare expenditure by multimorbidity groups\\u00bb\",\"previousItem\":{\"@type\":\"ListItem\",\"@id\":\"https:\\\/\\\/www.ineco.upv.es\\\/category\\\/publicaciones\\\/#listItem\",\"name\":\"Publicaciones\"}}]},{\"@type\":\"Organization\",\"@id\":\"https:\\\/\\\/www.ineco.upv.es\\\/#organization\",\"name\":\"INECO\",\"description\":\"Centro de Ingenier\\u00eda Econ\\u00f3mica UPV\",\"url\":\"https:\\\/\\\/www.ineco.upv.es\\\/\"},{\"@type\":\"Person\",\"@id\":\"https:\\\/\\\/www.ineco.upv.es\\\/author\\\/ineco\\\/#author\",\"url\":\"https:\\\/\\\/www.ineco.upv.es\\\/author\\\/ineco\\\/\",\"name\":\"INECO\",\"image\":{\"@type\":\"ImageObject\",\"@id\":\"https:\\\/\\\/www.ineco.upv.es\\\/2019\\\/02\\\/19\\\/articulo-predicting-healthcare-expenditure-by-multimorbidity-groups-publicado-en-la-edicion-de-febrero-de-2019-de-la-revista-health-policy-editorial-elsevier\\\/#authorImage\",\"url\":\"https:\\\/\\\/secure.gravatar.com\\\/avatar\\\/028528665c51320b278a80ea1a99987ea0f537b93b84d0953b29b50ce35160d4?s=96&d=mm&r=g\",\"width\":96,\"height\":96,\"caption\":\"INECO\"}},{\"@type\":\"WebPage\",\"@id\":\"https:\\\/\\\/www.ineco.upv.es\\\/2019\\\/02\\\/19\\\/articulo-predicting-healthcare-expenditure-by-multimorbidity-groups-publicado-en-la-edicion-de-febrero-de-2019-de-la-revista-health-policy-editorial-elsevier\\\/#webpage\",\"url\":\"https:\\\/\\\/www.ineco.upv.es\\\/2019\\\/02\\\/19\\\/articulo-predicting-healthcare-expenditure-by-multimorbidity-groups-publicado-en-la-edicion-de-febrero-de-2019-de-la-revista-health-policy-editorial-elsevier\\\/\",\"name\":\"Art\\u00edculo \\u00abPredicting healthcare expenditure by multimorbidity groups\\u00bb | INECO\",\"description\":\"El art\\u00edculo \\u00abPredicting healthcare expenditure by multimorbidity groups\\u00bb escrito por Vicent Caballer Tarazona, Natividad Guadalajara y David Vivas ha sido publicado en la revista \\u00abHealth Policy\\u00bb de la Editorial Elsevier en su edici\\u00f3n de febrero de 2019. En el siguiente enlace puede verse el art\\u00edculo completo: https:\\\/\\\/www.sciencedirect.com\\\/science\\\/article\\\/pii\\\/S0168851019300259\",\"inLanguage\":\"es-ES\",\"isPartOf\":{\"@id\":\"https:\\\/\\\/www.ineco.upv.es\\\/#website\"},\"breadcrumb\":{\"@id\":\"https:\\\/\\\/www.ineco.upv.es\\\/2019\\\/02\\\/19\\\/articulo-predicting-healthcare-expenditure-by-multimorbidity-groups-publicado-en-la-edicion-de-febrero-de-2019-de-la-revista-health-policy-editorial-elsevier\\\/#breadcrumblist\"},\"author\":{\"@id\":\"https:\\\/\\\/www.ineco.upv.es\\\/author\\\/ineco\\\/#author\"},\"creator\":{\"@id\":\"https:\\\/\\\/www.ineco.upv.es\\\/author\\\/ineco\\\/#author\"},\"datePublished\":\"2019-02-19T17:54:30+01:00\",\"dateModified\":\"2024-02-22T19:58:21+01:00\"},{\"@type\":\"WebSite\",\"@id\":\"https:\\\/\\\/www.ineco.upv.es\\\/#website\",\"url\":\"https:\\\/\\\/www.ineco.upv.es\\\/\",\"name\":\"INECO\",\"description\":\"Centro de Ingenier\\u00eda Econ\\u00f3mica UPV\",\"inLanguage\":\"es-ES\",\"publisher\":{\"@id\":\"https:\\\/\\\/www.ineco.upv.es\\\/#organization\"}}]}\n\t\t<\/script>\n\t\t<!-- All in One SEO -->\n\n","aioseo_head_json":{"title":"Art\u00edculo \u00abPredicting healthcare expenditure by multimorbidity groups\u00bb | INECO","description":"El art\u00edculo \u00abPredicting healthcare expenditure by multimorbidity groups\u00bb escrito por Vicent Caballer Tarazona, Natividad Guadalajara y David Vivas ha sido publicado en la revista \u00abHealth Policy\u00bb de la Editorial Elsevier en su edici\u00f3n de febrero de 2019. En el siguiente enlace puede verse el art\u00edculo completo: https:\/\/www.sciencedirect.com\/science\/article\/pii\/S0168851019300259","canonical_url":"https:\/\/www.ineco.upv.es\/2019\/02\/19\/articulo-predicting-healthcare-expenditure-by-multimorbidity-groups-publicado-en-la-edicion-de-febrero-de-2019-de-la-revista-health-policy-editorial-elsevier\/","robots":"max-image-preview:large","keywords":"","webmasterTools":{"miscellaneous":""},"schema":{"@context":"https:\/\/schema.org","@graph":[{"@type":"Article","@id":"https:\/\/www.ineco.upv.es\/2019\/02\/19\/articulo-predicting-healthcare-expenditure-by-multimorbidity-groups-publicado-en-la-edicion-de-febrero-de-2019-de-la-revista-health-policy-editorial-elsevier\/#article","name":"Art\u00edculo \u00abPredicting healthcare expenditure by multimorbidity groups\u00bb | INECO","headline":"Art\u00edculo \u00abPredicting healthcare expenditure by multimorbidity groups\u00bb","author":{"@id":"https:\/\/www.ineco.upv.es\/author\/ineco\/#author"},"publisher":{"@id":"https:\/\/www.ineco.upv.es\/#organization"},"image":{"@type":"ImageObject","url":"https:\/\/www.ciegs.upv.es\/wp-content\/uploads\/2019\/02\/X01688510.jpg","@id":"https:\/\/www.ineco.upv.es\/2019\/02\/19\/articulo-predicting-healthcare-expenditure-by-multimorbidity-groups-publicado-en-la-edicion-de-febrero-de-2019-de-la-revista-health-policy-editorial-elsevier\/#articleImage"},"datePublished":"2019-02-19T17:54:30+01:00","dateModified":"2024-02-22T19:58:21+01:00","inLanguage":"es-ES","mainEntityOfPage":{"@id":"https:\/\/www.ineco.upv.es\/2019\/02\/19\/articulo-predicting-healthcare-expenditure-by-multimorbidity-groups-publicado-en-la-edicion-de-febrero-de-2019-de-la-revista-health-policy-editorial-elsevier\/#webpage"},"isPartOf":{"@id":"https:\/\/www.ineco.upv.es\/2019\/02\/19\/articulo-predicting-healthcare-expenditure-by-multimorbidity-groups-publicado-en-la-edicion-de-febrero-de-2019-de-la-revista-health-policy-editorial-elsevier\/#webpage"},"articleSection":"Publicaciones"},{"@type":"BreadcrumbList","@id":"https:\/\/www.ineco.upv.es\/2019\/02\/19\/articulo-predicting-healthcare-expenditure-by-multimorbidity-groups-publicado-en-la-edicion-de-febrero-de-2019-de-la-revista-health-policy-editorial-elsevier\/#breadcrumblist","itemListElement":[{"@type":"ListItem","@id":"https:\/\/www.ineco.upv.es#listItem","position":1,"name":"Home","item":"https:\/\/www.ineco.upv.es","nextItem":{"@type":"ListItem","@id":"https:\/\/www.ineco.upv.es\/category\/publicaciones\/#listItem","name":"Publicaciones"}},{"@type":"ListItem","@id":"https:\/\/www.ineco.upv.es\/category\/publicaciones\/#listItem","position":2,"name":"Publicaciones","item":"https:\/\/www.ineco.upv.es\/category\/publicaciones\/","nextItem":{"@type":"ListItem","@id":"https:\/\/www.ineco.upv.es\/2019\/02\/19\/articulo-predicting-healthcare-expenditure-by-multimorbidity-groups-publicado-en-la-edicion-de-febrero-de-2019-de-la-revista-health-policy-editorial-elsevier\/#listItem","name":"Art\u00edculo \u00abPredicting healthcare expenditure by multimorbidity groups\u00bb"},"previousItem":{"@type":"ListItem","@id":"https:\/\/www.ineco.upv.es#listItem","name":"Home"}},{"@type":"ListItem","@id":"https:\/\/www.ineco.upv.es\/2019\/02\/19\/articulo-predicting-healthcare-expenditure-by-multimorbidity-groups-publicado-en-la-edicion-de-febrero-de-2019-de-la-revista-health-policy-editorial-elsevier\/#listItem","position":3,"name":"Art\u00edculo \u00abPredicting healthcare expenditure by multimorbidity groups\u00bb","previousItem":{"@type":"ListItem","@id":"https:\/\/www.ineco.upv.es\/category\/publicaciones\/#listItem","name":"Publicaciones"}}]},{"@type":"Organization","@id":"https:\/\/www.ineco.upv.es\/#organization","name":"INECO","description":"Centro de Ingenier\u00eda Econ\u00f3mica UPV","url":"https:\/\/www.ineco.upv.es\/"},{"@type":"Person","@id":"https:\/\/www.ineco.upv.es\/author\/ineco\/#author","url":"https:\/\/www.ineco.upv.es\/author\/ineco\/","name":"INECO","image":{"@type":"ImageObject","@id":"https:\/\/www.ineco.upv.es\/2019\/02\/19\/articulo-predicting-healthcare-expenditure-by-multimorbidity-groups-publicado-en-la-edicion-de-febrero-de-2019-de-la-revista-health-policy-editorial-elsevier\/#authorImage","url":"https:\/\/secure.gravatar.com\/avatar\/028528665c51320b278a80ea1a99987ea0f537b93b84d0953b29b50ce35160d4?s=96&d=mm&r=g","width":96,"height":96,"caption":"INECO"}},{"@type":"WebPage","@id":"https:\/\/www.ineco.upv.es\/2019\/02\/19\/articulo-predicting-healthcare-expenditure-by-multimorbidity-groups-publicado-en-la-edicion-de-febrero-de-2019-de-la-revista-health-policy-editorial-elsevier\/#webpage","url":"https:\/\/www.ineco.upv.es\/2019\/02\/19\/articulo-predicting-healthcare-expenditure-by-multimorbidity-groups-publicado-en-la-edicion-de-febrero-de-2019-de-la-revista-health-policy-editorial-elsevier\/","name":"Art\u00edculo \u00abPredicting healthcare expenditure by multimorbidity groups\u00bb | INECO","description":"El art\u00edculo \u00abPredicting healthcare expenditure by multimorbidity groups\u00bb escrito por Vicent Caballer Tarazona, Natividad Guadalajara y David Vivas ha sido publicado en la revista \u00abHealth Policy\u00bb de la Editorial Elsevier en su edici\u00f3n de febrero de 2019. En el siguiente enlace puede verse el art\u00edculo completo: https:\/\/www.sciencedirect.com\/science\/article\/pii\/S0168851019300259","inLanguage":"es-ES","isPartOf":{"@id":"https:\/\/www.ineco.upv.es\/#website"},"breadcrumb":{"@id":"https:\/\/www.ineco.upv.es\/2019\/02\/19\/articulo-predicting-healthcare-expenditure-by-multimorbidity-groups-publicado-en-la-edicion-de-febrero-de-2019-de-la-revista-health-policy-editorial-elsevier\/#breadcrumblist"},"author":{"@id":"https:\/\/www.ineco.upv.es\/author\/ineco\/#author"},"creator":{"@id":"https:\/\/www.ineco.upv.es\/author\/ineco\/#author"},"datePublished":"2019-02-19T17:54:30+01:00","dateModified":"2024-02-22T19:58:21+01:00"},{"@type":"WebSite","@id":"https:\/\/www.ineco.upv.es\/#website","url":"https:\/\/www.ineco.upv.es\/","name":"INECO","description":"Centro de Ingenier\u00eda Econ\u00f3mica UPV","inLanguage":"es-ES","publisher":{"@id":"https:\/\/www.ineco.upv.es\/#organization"}}]},"og:locale":"es_ES","og:site_name":"INECO | Centro de Ingenier\u00eda Econ\u00f3mica UPV","og:type":"article","og:title":"Art\u00edculo \u00abPredicting healthcare expenditure by multimorbidity groups\u00bb | INECO","og:description":"El art\u00edculo \u00abPredicting healthcare expenditure by multimorbidity groups\u00bb escrito por Vicent Caballer Tarazona, Natividad Guadalajara y David Vivas ha sido publicado en la revista \u00abHealth Policy\u00bb de la Editorial Elsevier en su edici\u00f3n de febrero de 2019. En el siguiente enlace puede verse el art\u00edculo completo: https:\/\/www.sciencedirect.com\/science\/article\/pii\/S0168851019300259","og:url":"https:\/\/www.ineco.upv.es\/2019\/02\/19\/articulo-predicting-healthcare-expenditure-by-multimorbidity-groups-publicado-en-la-edicion-de-febrero-de-2019-de-la-revista-health-policy-editorial-elsevier\/","article:published_time":"2019-02-19T16:54:30+00:00","article:modified_time":"2024-02-22T18:58:21+00:00","twitter:card":"summary","twitter:title":"Art\u00edculo \u00abPredicting healthcare expenditure by multimorbidity groups\u00bb | INECO","twitter:description":"El art\u00edculo \u00abPredicting healthcare expenditure by multimorbidity groups\u00bb escrito por Vicent Caballer Tarazona, Natividad Guadalajara y David Vivas ha sido publicado en la revista \u00abHealth Policy\u00bb de la Editorial Elsevier en su edici\u00f3n de febrero de 2019. En el siguiente enlace puede verse el art\u00edculo completo: https:\/\/www.sciencedirect.com\/science\/article\/pii\/S0168851019300259"},"aioseo_meta_data":{"post_id":"637","title":null,"description":null,"keywords":[],"keyphrases":{"focus":{"keyphrase":"","score":0,"analysis":{"keyphraseInTitle":{"score":0,"maxScore":9,"error":1}}},"additional":[]},"primary_term":null,"canonical_url":null,"og_title":null,"og_description":null,"og_object_type":"default","og_image_type":"default","og_image_url":null,"og_image_width":null,"og_image_height":null,"og_image_custom_url":null,"og_image_custom_fields":null,"og_video":"","og_custom_url":null,"og_article_section":null,"og_article_tags":[],"twitter_use_og":false,"twitter_card":"default","twitter_image_type":"default","twitter_image_url":null,"twitter_image_custom_url":null,"twitter_image_custom_fields":null,"twitter_title":null,"twitter_description":null,"schema":{"blockGraphs":[],"customGraphs":[],"default":{"data":{"Article":[],"Course":[],"Dataset":[],"FAQPage":[],"Movie":[],"Person":[],"Product":[],"ProductReview":[],"Car":[],"Recipe":[],"Service":[],"SoftwareApplication":[],"WebPage":[]},"graphName":"Article","isEnabled":true},"graphs":[]},"schema_type":null,"schema_type_options":null,"pillar_content":false,"robots_default":true,"robots_noindex":false,"robots_noarchive":false,"robots_nosnippet":false,"robots_nofollow":false,"robots_noimageindex":false,"robots_noodp":false,"robots_notranslate":false,"robots_max_snippet":"-1","robots_max_videopreview":"-1","robots_max_imagepreview":"large","priority":null,"frequency":"default","local_seo":null,"breadcrumb_settings":null,"limit_modified_date":false,"ai":null,"created":"2021-03-11 11:10:31","updated":"2025-06-04 12:24:42","seo_analyzer_scan_date":null,"focus_keyword":null,"additional_keywords":null,"truseo_locale":null},"aioseo_breadcrumb":"<div class=\"aioseo-breadcrumbs\"><span class=\"aioseo-breadcrumb\">\n\t\t\t<a href=\"https:\/\/www.ineco.upv.es\" title=\"Home\">Home<\/a>\n\t\t<\/span><span class=\"aioseo-breadcrumb-separator\">&raquo;<\/span><span class=\"aioseo-breadcrumb\">\n\t\t\t<a href=\"https:\/\/www.ineco.upv.es\/category\/publicaciones\/\" title=\"Publicaciones\">Publicaciones<\/a>\n\t\t<\/span><span class=\"aioseo-breadcrumb-separator\">&raquo;<\/span><span class=\"aioseo-breadcrumb\">\n\t\t\tArt\u00edculo \u00abPredicting healthcare expenditure by multimorbidity groups\u00bb\n\t\t<\/span><\/div>","aioseo_breadcrumb_json":[{"label":"Home","link":"https:\/\/www.ineco.upv.es"},{"label":"Publicaciones","link":"https:\/\/www.ineco.upv.es\/category\/publicaciones\/"},{"label":"Art\u00edculo \u00abPredicting healthcare expenditure by multimorbidity groups\u00bb","link":"https:\/\/www.ineco.upv.es\/2019\/02\/19\/articulo-predicting-healthcare-expenditure-by-multimorbidity-groups-publicado-en-la-edicion-de-febrero-de-2019-de-la-revista-health-policy-editorial-elsevier\/"}],"_links":{"self":[{"href":"https:\/\/www.ineco.upv.es\/wp-json\/wp\/v2\/posts\/637","targetHints":{"allow":["GET"]}}],"collection":[{"href":"https:\/\/www.ineco.upv.es\/wp-json\/wp\/v2\/posts"}],"about":[{"href":"https:\/\/www.ineco.upv.es\/wp-json\/wp\/v2\/types\/post"}],"author":[{"embeddable":true,"href":"https:\/\/www.ineco.upv.es\/wp-json\/wp\/v2\/users\/1"}],"replies":[{"embeddable":true,"href":"https:\/\/www.ineco.upv.es\/wp-json\/wp\/v2\/comments?post=637"}],"version-history":[{"count":6,"href":"https:\/\/www.ineco.upv.es\/wp-json\/wp\/v2\/posts\/637\/revisions"}],"predecessor-version":[{"id":803,"href":"https:\/\/www.ineco.upv.es\/wp-json\/wp\/v2\/posts\/637\/revisions\/803"}],"wp:attachment":[{"href":"https:\/\/www.ineco.upv.es\/wp-json\/wp\/v2\/media?parent=637"}],"wp:term":[{"taxonomy":"category","embeddable":true,"href":"https:\/\/www.ineco.upv.es\/wp-json\/wp\/v2\/categories?post=637"},{"taxonomy":"post_tag","embeddable":true,"href":"https:\/\/www.ineco.upv.es\/wp-json\/wp\/v2\/tags?post=637"}],"curies":[{"name":"wp","href":"https:\/\/api.w.org\/{rel}","templated":true}]}}